{"id":2476,"date":"2026-04-26T17:35:38","date_gmt":"2026-04-26T15:35:38","guid":{"rendered":"https:\/\/kreditfonden.se\/?p=2476"},"modified":"2026-04-26T17:35:40","modified_gmt":"2026-04-26T15:35:40","slug":"manadsuppdatering-scfi-mars-2026","status":"publish","type":"post","link":"https:\/\/kreditfonden.se\/en\/manadsuppdatering-scfi-mars-2026\/","title":{"rendered":"Monthly update SCFI March 2026"},"content":{"rendered":"<p>Scandinavian Credit Fund I AB (publ) reports a NAV price for March of 45.68, which is an increase of 2.74% compared to the previous month. The fund&#039;s managed capital amounts to SEK 1,237 million at the end of the month.<\/p>\n\n\n\n<p>The change during the month is mainly explained by the fact that the prices of listed holdings in the portfolio have increased. During the month, the Swedish krona has also weakened against other currencies, which also contributed to the increase in NAV. The currency outcome is shown in the table below.<\/p>\n\n\n\n<figure class=\"wp-block-image size-full\"><img fetchpriority=\"high\" decoding=\"async\" width=\"908\" height=\"140\" src=\"https:\/\/kreditfonden.se\/wp-content\/uploads\/2026\/04\/image-1.png\" alt=\"\" class=\"wp-image-2478\" srcset=\"https:\/\/kreditfonden.se\/wp-content\/uploads\/2026\/04\/image-1.png 908w, https:\/\/kreditfonden.se\/wp-content\/uploads\/2026\/04\/image-1-300x46.png 300w, https:\/\/kreditfonden.se\/wp-content\/uploads\/2026\/04\/image-1-768x118.png 768w, https:\/\/kreditfonden.se\/wp-content\/uploads\/2026\/04\/image-1-18x3.png 18w\" sizes=\"(max-width: 908px) 100vw, 908px\" \/><\/figure>\n\n\n\n<p><em>*) As mentioned in previous monthly newsletters, the fund has stopped hedging its holdings as it was considered too expensive and that it also has liquidity effects in connection with the realization of the currency futures. The outcome of the portfolio is affected after we stopped hedging both up and down depending on how the currencies change.<\/em><\/p>\n\n\n\n<p>Loans and shares in the portfolio before reserves are distributed in underlying currencies as below.<\/p>\n\n\n\n<figure class=\"wp-block-image size-full\"><img decoding=\"async\" width=\"764\" height=\"451\" src=\"https:\/\/kreditfonden.se\/wp-content\/uploads\/2026\/04\/image.png\" alt=\"\" class=\"wp-image-2477\" srcset=\"https:\/\/kreditfonden.se\/wp-content\/uploads\/2026\/04\/image.png 764w, https:\/\/kreditfonden.se\/wp-content\/uploads\/2026\/04\/image-300x177.png 300w, https:\/\/kreditfonden.se\/wp-content\/uploads\/2026\/04\/image-18x12.png 18w\" sizes=\"(max-width: 764px) 100vw, 764px\" \/><\/figure>\n\n\n\n<figure class=\"wp-block-image size-full\"><img decoding=\"async\" width=\"664\" height=\"262\" src=\"https:\/\/kreditfonden.se\/wp-content\/uploads\/2026\/04\/image-2.png\" alt=\"\" class=\"wp-image-2479\" srcset=\"https:\/\/kreditfonden.se\/wp-content\/uploads\/2026\/04\/image-2.png 664w, https:\/\/kreditfonden.se\/wp-content\/uploads\/2026\/04\/image-2-300x118.png 300w, https:\/\/kreditfonden.se\/wp-content\/uploads\/2026\/04\/image-2-18x7.png 18w\" sizes=\"(max-width: 664px) 100vw, 664px\" \/><\/figure>\n\n\n\n<p>According to the model that the fund applies for reserving loans, the reserve per category is as follows.<\/p>\n\n\n\n<figure class=\"wp-block-image size-full\"><img loading=\"lazy\" decoding=\"async\" width=\"908\" height=\"188\" src=\"https:\/\/kreditfonden.se\/wp-content\/uploads\/2026\/04\/image-3.png\" alt=\"\" class=\"wp-image-2480\" srcset=\"https:\/\/kreditfonden.se\/wp-content\/uploads\/2026\/04\/image-3.png 908w, https:\/\/kreditfonden.se\/wp-content\/uploads\/2026\/04\/image-3-300x62.png 300w, https:\/\/kreditfonden.se\/wp-content\/uploads\/2026\/04\/image-3-768x159.png 768w, https:\/\/kreditfonden.se\/wp-content\/uploads\/2026\/04\/image-3-18x4.png 18w\" sizes=\"(max-width: 908px) 100vw, 908px\" \/><\/figure>\n\n\n\n<p>The fund&#039;s provisions according to IFRS 9 have increased since the turn of the year and have affected the result by SEK -14.2 million in 2026, of which SEK -9.1 million in March. The closing reserve as of March 31 amounted to SEK -300.9 million, compared with the reserve as of the end of December, which amounted to SEK -286.7 million.<\/p>\n\n\n\n<p>The monthly change of SEK 9.1 million is mainly explained by an increased provision on a category 3 exposure (SEK 47.5 million), which is partly offset by reversed provisions due to the increase in the price of listed shares expected as payment for the sale of the Norrt\u00e4lje and Hallstavik properties. Other movements are mainly currency effects.<\/p>\n\n\n\n<p><strong>Events during the month<\/strong><\/p>\n\n\n\n<p>A webinar was held on March 5. The recording is available on the fund&#039;s website for those who want to watch the presentation afterwards.<\/p>\n\n\n\n<p>We have not yet concluded negotiations, which began in 2025, regarding a smaller holding where the parent company is bankrupt. We have received a couple of small repayments and hope to continue to realize values in the coming quarters.<\/p>\n\n\n\n<p><strong>Events after the end of the month<\/strong><\/p>\n\n\n\n<p>On April 8, a press release was published stating that Gustaf Hagerud, CEO of Finserve Nordic AB, has been appointed as the new manager of the fund. Finserve Nordic has also strengthened the organization with an advisor and analyst who will mainly support the manager in the winding down of the fund.<\/p>\n\n\n\n<p>Finserve Nordic thanks the former manager Mats Johansson for his great contributions to the work with the fund and in Finserve Nordic in general. We wish him all the best as he steps down and retires.<\/p>\n\n\n\n<p>More information and Q&amp;A is available on the Fund&#039;s website: <a href=\"https:\/\/kreditfonden.se\/en\/\">https:\/\/kreditfonden.se<\/a> as well as in previous monthly newsletters.<\/p>","protected":false},"excerpt":{"rendered":"<p>Scandinavian Credit Fund I AB (publ) redovisar en NAV-kurs f\u00f6r mars om 45,68 vilket \u00e4r en \u00f6kning med 2,74% mot f\u00f6reg\u00e5ende m\u00e5nad. Fondens f\u00f6rvaltade kapital uppg\u00e5r vid utg\u00e5ngen av m\u00e5naden till 1&nbsp;237 Mkr. F\u00f6r\u00e4ndringen under m\u00e5naden f\u00f6rklaras till huvuddelen av att kurserna p\u00e5 noterade innehav i portf\u00f6ljen har g\u00e5tt upp. Under m\u00e5naden har ocks\u00e5 den [&hellip;]<\/p>\n","protected":false},"author":2,"featured_media":1979,"comment_status":"closed","ping_status":"open","sticky":false,"template":"","format":"standard","meta":{"_acf_changed":false,"footnotes":""},"categories":[36],"tags":[],"class_list":["post-2476","post","type-post","status-publish","format-standard","has-post-thumbnail","hentry","category-manadskommentar-scfi"],"acf":[],"_links":{"self":[{"href":"https:\/\/kreditfonden.se\/en\/wp-json\/wp\/v2\/posts\/2476","targetHints":{"allow":["GET"]}}],"collection":[{"href":"https:\/\/kreditfonden.se\/en\/wp-json\/wp\/v2\/posts"}],"about":[{"href":"https:\/\/kreditfonden.se\/en\/wp-json\/wp\/v2\/types\/post"}],"author":[{"embeddable":true,"href":"https:\/\/kreditfonden.se\/en\/wp-json\/wp\/v2\/users\/2"}],"replies":[{"embeddable":true,"href":"https:\/\/kreditfonden.se\/en\/wp-json\/wp\/v2\/comments?post=2476"}],"version-history":[{"count":0,"href":"https:\/\/kreditfonden.se\/en\/wp-json\/wp\/v2\/posts\/2476\/revisions"}],"wp:featuredmedia":[{"embeddable":true,"href":"https:\/\/kreditfonden.se\/en\/wp-json\/wp\/v2\/media\/1979"}],"wp:attachment":[{"href":"https:\/\/kreditfonden.se\/en\/wp-json\/wp\/v2\/media?parent=2476"}],"wp:term":[{"taxonomy":"category","embeddable":true,"href":"https:\/\/kreditfonden.se\/en\/wp-json\/wp\/v2\/categories?post=2476"},{"taxonomy":"post_tag","embeddable":true,"href":"https:\/\/kreditfonden.se\/en\/wp-json\/wp\/v2\/tags?post=2476"}],"curies":[{"name":"wp","href":"https:\/\/api.w.org\/{rel}","templated":true}]}}